{"id":213439,"date":"2026-05-24T22:16:25","date_gmt":"2026-05-24T20:16:25","guid":{"rendered":"https:\/\/acao.it\/?p=213439"},"modified":"2026-06-10T22:18:17","modified_gmt":"2026-06-10T20:18:17","slug":"fiorenza-day-il-cielo-delle-donne-sta-prendendo-quota","status":"publish","type":"post","link":"https:\/\/acao.it\/en\/eventi\/fiorenza-day-il-cielo-delle-donne-sta-prendendo-quota\/","title":{"rendered":"Fiorenza Day &#8211; Il cielo delle donne sta prendendo quota"},"content":{"rendered":"\n<p class=\"has-medium-font-size wp-block-paragraph\">Il 23 maggio si \u00e8 svolto il <a href=\"https:\/\/acao.it\/wp-content\/uploads\/2026\/03\/fiorenza-day-varese.pdf\">Fiorenza&#8217;s Day<\/a> evento aeronautico e tributo di memoria e di futuro. La prima giornata nazionale, istituita dall&#8217;<a href=\"https:\/\/www.donnedellaria.it\/2026\/01\/09\/fiorenzas-day\/\">Associazione Donne dell&#8217;Aria<\/a>, dedicata alla promozione del volo al femminile, per onorare il lascito di Fiorenza De Bernardi, prima donna pilota professionista in Italia.<\/p>\n\n\n\n<p class=\"has-medium-font-size wp-block-paragraph\">Dalla Prealpina del 24 maggio 2026: La strada per l&#8217;aviazione al femminile \u00e8 ancora lunga, ma la rotta c&#8217;\u00e8. ln dieci citt\u00e0 italiane, tra cui Varese con l&#8217;Aero Club \u201cAdele Orsi, si sono unite come in un volo simultaneo per la prima edizione del&#8221;Fiorenza Day&#8221;, la giornata nazionale promossa dall&#8217;Associazione Donne dell&#8217;Aria (ADA) per aprire i cieli alle donne e ricordare Fiorenza de Bernardi, prima pilota di linea italiana. Un evento storico, arricchito dal videomessaggio dell&#8217;astronauta Samantha Cristoforetti: \u00abOggi sentire una voce femminile in volo \u00e8 normale, ma questa normalit\u00e0 s\u00ec \u00e8 costruita grazie alle pilote che hanno avuto coraggio, Fiorenza ha fatto parlare i fatti. Alle ragazze dico: il cielo \u00e8 aperto, basta volerlo, studiare e fare il primo passo\u00bb.<br>A Calcinate, la presidente dell&#8217;Aero Club Margherita Acquaderni, fondatrice delle Flypink, ha ricordato le sfide passate: \u00abSpero il prossimo anno, per la prossima giornata dedicata a Fiorenza, di fare le cose pi\u00f9 in grande. Il mio messaggio \u00e8 segui la passione e non ti curar di loro.  Davanti a una decina di donne pilota \u00e8 stato proiettato un filmato sulla vita di Fiorenza de Bernardi nata il 22 maggio 1928 e soprannominata &#8220;la prima donna con le ali&#8221;,  colei che volle la divisa con la gonna proprio per far vedere anche da lontano, sulla pista degli aerei, che a bordo c&#8217;era una donna. Poi si sono alternate le testimonianze, come quella di Diana Holland Ferrero, pilota privata svizzera, membro della Federazione europea donna pilota: &#8220;Conoscevo Fiorenza da trent&#8217;anni. Gli uomini, quando vedono una donna pilota, a volte dicono ancora &#8220;non faresti meglio a stare in cucina? Ma in alto vola solo Il merito&#8221;. Infine la voce del futuro, quella di Irene, giovane pilota: \u00abFinch\u00e9 dimostri quello che sai fare e dove vuoi essere, tu sei in alto e gli altri rimangono a terra. Il volo a vela ti obbliga a superare i tuoi limiti ogni volta\u00bb. Come a dire che i pregiudizi di genere esistono ancora, ma si abbattono anche in volo. A.M.<\/p>\n\n\n\n<div class=\"wp-block-columns are-vertically-aligned-center is-layout-flex wp-container-core-columns-is-layout-7387b849 wp-block-columns-is-layout-flex\">\n<div class=\"wp-block-column is-vertically-aligned-center is-layout-flow wp-block-column-is-layout-flow\" style=\"flex-basis:100%\"><\/div>\n<\/div>\n","protected":false},"excerpt":{"rendered":"<p>Il 23 maggio si \u00e8 svolto il Fiorenza&#8217;s Day evento aeronautico e tributo di memoria e di futuro. La prima giornata nazionale, istituita dall&#8217;Associazione Donne dell&#8217;Aria, dedicata alla promozione del volo al femminile, per onorare il lascito di Fiorenza De Bernardi, prima donna pilota professionista in Italia. Dalla Prealpina del 24 maggio 2026: La strada [&hellip;]<\/p>\n","protected":false},"author":1001577,"featured_media":192939,"comment_status":"closed","ping_status":"open","sticky":false,"template":"","format":"standard","meta":{"_acf_changed":false,"_seopress_titles_title":"","_seopress_titles_desc":"","_seopress_robots_index":"","_seopress_robots_follow":"","_seopress_robots_imageindex":"","_seopress_robots_snippet":"","_seopress_robots_primary_cat":"none","_seopress_robots_breadcrumbs":"","_seopress_robots_freeze_modified_date":"","_seopress_robots_custom_modified_date":"","_seopress_robots_canonical":"","_seopress_social_fb_title":"","_seopress_social_fb_desc":"","_seopress_social_fb_img":"","_seopress_social_fb_img_attachment_id":0,"_seopress_social_fb_img_width":0,"_seopress_social_fb_img_height":0,"_seopress_social_twitter_title":"","_seopress_social_twitter_desc":"","_seopress_social_twitter_img":"","_seopress_social_twitter_img_attachment_id":0,"_seopress_social_twitter_img_width":0,"_seopress_social_twitter_img_height":0,"_seopress_redirections_value":"","_seopress_redirections_enabled":"","_seopress_redirections_enabled_regex":"","_seopress_redirections_logged_status":"both","_seopress_redirections_param":"","_seopress_redirections_type":301,"_seopress_analysis_target_kw":"","_seopress_news_disabled":"","_seopress_video_disabled":"","_seopress_video":[],"_seopress_pro_schemas_manual":[],"_seopress_pro_rich_snippets_disable_all":"","_seopress_pro_rich_snippets_disable":[],"_seopress_pro_schemas":[],"footnotes":""},"categories":[72],"tags":[443],"class_list":["post-213439","post","type-post","status-publish","format-standard","has-post-thumbnail","hentry","category-eventi","tag-fiorenza-day"],"acf":[],"_links":{"self":[{"href":"https:\/\/acao.it\/en\/wp-json\/wp\/v2\/posts\/213439","targetHints":{"allow":["GET"]}}],"collection":[{"href":"https:\/\/acao.it\/en\/wp-json\/wp\/v2\/posts"}],"about":[{"href":"https:\/\/acao.it\/en\/wp-json\/wp\/v2\/types\/post"}],"author":[{"embeddable":true,"href":"https:\/\/acao.it\/en\/wp-json\/wp\/v2\/users\/1001577"}],"replies":[{"embeddable":true,"href":"https:\/\/acao.it\/en\/wp-json\/wp\/v2\/comments?post=213439"}],"version-history":[{"count":3,"href":"https:\/\/acao.it\/en\/wp-json\/wp\/v2\/posts\/213439\/revisions"}],"predecessor-version":[{"id":213448,"href":"https:\/\/acao.it\/en\/wp-json\/wp\/v2\/posts\/213439\/revisions\/213448"}],"wp:featuredmedia":[{"embeddable":true,"href":"https:\/\/acao.it\/en\/wp-json\/wp\/v2\/media\/192939"}],"wp:attachment":[{"href":"https:\/\/acao.it\/en\/wp-json\/wp\/v2\/media?parent=213439"}],"wp:term":[{"taxonomy":"category","embeddable":true,"href":"https:\/\/acao.it\/en\/wp-json\/wp\/v2\/categories?post=213439"},{"taxonomy":"post_tag","embeddable":true,"href":"https:\/\/acao.it\/en\/wp-json\/wp\/v2\/tags?post=213439"}],"curies":[{"name":"wp","href":"https:\/\/api.w.org\/{rel}","templated":true}]}}