{"id":49539,"date":"2023-08-14T18:08:28","date_gmt":"2023-08-14T16:08:28","guid":{"rendered":"https:\/\/acao.it\/?p=49539"},"modified":"2023-08-30T18:10:43","modified_gmt":"2023-08-30T16:10:43","slug":"concorso-fotografico-umberto-bertoli-seconda-edizione","status":"publish","type":"post","link":"https:\/\/acao.it\/blog\/concorso-fotografico-umberto-bertoli-seconda-edizione\/","title":{"rendered":"Concorso Fotografico &#8220;Umberto Bertoli&#8221;, seconda edizione"},"content":{"rendered":"\n<figure class=\"wp-block-image aligncenter\"><img decoding=\"async\" src=\"https:\/\/acao.it\/wp-content\/uploads\/2022\/10\/concorso_fotografico_bertoli-640x302-1.jpg\" alt=\"concorso_fotografico_bertoli\" class=\"wp-image-12590\"\/><\/figure>\n\n\n\n<p><br>Per ricordare Umberto Bertoli, fantastico trainatore e appassionato fotografo, l\u2019Aero Club Adele Orsi ha istituito dal 2019 un concorso fotografico dedicato alla sua memoria.<\/p>\n\n\n\n<p><strong>REGOLAMENTO<\/strong><\/p>\n\n\n\n<p>Il concorso fotografico, oggi alla sua Seconda Edizione, \u00e8 organizzato e promosso dall\u2019Aeroclub Adele Orsi.<\/p>\n\n\n\n<p><strong>SCOPO E CATEGORIE<\/strong><\/p>\n\n\n\n<p>L\u2019iniziativa ha lo scopo di valorizzare il volo a vela e il suo mondo attraverso le immagini realizzate dai fotografi. Sono previste due categorie, in ciascuna delle quali verr\u00e0 selezionato il fotografo vincitore:<br>1. <strong>Foto scattate in volo<\/strong><br><strong>2. Foto scattate da terra<\/strong><br>Ogni partecipante pu\u00f2 inviare un massimo di tre fotografie per ciascuna categoria. Le fotografie devono risultare scattate in data non precedente al <strong>1\u00b0 marzo 2023<\/strong>.<\/p>\n\n\n\n<p><strong>MODALIT\u00c0 DI PARTECIPAZIONE<\/strong><\/p>\n\n\n\n<p>La partecipazione al concorso \u00e8 gratuita e aperta a tutti i soci dell\u2019ACAO. L\u2019iscrizione al concorso si effettua automaticamente attraverso l\u2019invio della\/e propria\/e foto.<\/p>\n\n\n\n<p><strong>CARATTERISTICHE TECNICHE DELLE FOTO<\/strong><\/p>\n\n\n\n<p>Sono ammesse fotografie in bianco\/nero e a colori, con inquadrature sia verticali sia orizzontali. Non sono ammesse opere interamente realizzate al computer. In termini di risoluzione, il formato minimo delle<br>foto dovr\u00e0 essere di almeno 1900 x 1400 pixel e il file deve essere presentato in formato JPEG (.jpg). Le immagini non conformi alle specifiche non verranno prese in considerazione.<\/p>\n\n\n\n<p><strong>MODALIT\u00c0 E TERMINI DI CONSEGNA DEL MATERIALE<\/strong><\/p>\n\n\n\n<p>Ogni fotografo dovr\u00e0 presentare le proprie opere caricandole tramite l\u2019apposito modulo che verr\u00e0 pubblicato sul sito <strong>acao.it<\/strong>, a partire dal 20 agosto 2023. Le foto dovranno essere presentate tramite <strong>unico invio<\/strong> da effettuarsi tra il 20 agosto e il 30 settembre 2023.<\/p>\n\n\n\n<div class=\"wp-block-buttons is-layout-flex wp-block-buttons-is-layout-flex\">\n<div class=\"wp-block-button has-custom-font-size modulo-popup is-style-outline has-small-font-size is-style-outline--1\"><a class=\"wp-block-button__link wp-element-button\" href=\"#\">Modulo di invio<\/a><\/div>\n<\/div>\n\n\n\n<div style=\"height:20px\" aria-hidden=\"true\" class=\"wp-block-spacer\"><\/div>\n\n\n\n<p><strong>GIURIA<\/strong><\/p>\n\n\n\n<p>La giuria, che esprimer\u00e0 un giudizio insindacabile, \u00e8 cos\u00ec composta:<br>* Roberto Manzoni (Presidente)<br>* Maria Rosa Bertoli<br>* Francesco Bertoli<br>* Roberto Martignoni<br>* Aldo Cernezzi<br>* Claudio Alluvion<\/p>\n\n\n\n<p><!-- <strong>PREMI<\/strong>\n\nSaranno premiate le prime tre fotografie classificate in ciascuna delle due categorie.\nLa premiazione avverr\u00e0 durante la cena sociale ACAO di fine 2020, nel corso della quale verranno anche proiettate le foto migliori.\nDalle posizioni pi\u00f9 alte delle due classifiche verranno scelte 13 fotografie che saranno pubblicate nel calendario ACAO 2020.\n\n&nbsp;\n--><br><strong>CERIMONIA DI CHIUSURA E PREMI<\/strong><\/p>\n\n\n\n<p>La premiazione delle <strong>prime tre<\/strong> fotografie di ciascuna delle due classifiche di categoria avverr\u00e0 durante la <strong>cena sociale ACAO<\/strong> di fine 2023, nel corso della quale verr\u00e0 proiettata una selezione delle foto migliori. Dalle posizioni pi\u00f9 alte delle due classifiche verranno inoltre scelte le 13 fotografie che saranno pubblicate nel <strong>calendario ACAO<\/strong> 2023.<\/p>\n\n\n\n<p><strong>PRIVACY, RESPONSABILIT\u00c0 DELL\u2019AUTORE E FACOLT\u00c0 DI ESCLUSIONE<\/strong><\/p>\n\n\n\n<p>Ogni partecipante \u00e8 responsabile del contenuto e della qualit\u00e0 del materiale da lui presentato al concorso. Pertanto il partecipante si impegna ad escludere ogni responsabilit\u00e0 degli organizzatori nei confronti di terzi, anche nei confronti di eventuali soggetti raffigurati nelle fotografie. Il concorrente dovr\u00e0 in particolare rispettare la legge sulla privacy. In nessun caso le immagini inviate potranno contenere dati qualificabili come sensibili.<br>Ogni partecipante dichiara inoltre di essere unico autore delle immagini inviate e che esse non ledono diritti di terzi e che, qualora ritraggano soggetti per i quali \u00e8 necessario il consenso o l\u2019autorizzazione, egli<br>l\u2019abbia ottenuto.<br>Gli organizzatori si riservano, inoltre, di escludere dal concorso e non pubblicare le foto non conformi, nella forma e nel soggetto, sia a quanto indicato nel presente regolamento, sia alle regole comunemente<br>riconosciute in materia di pubblica moralit\u00e0, etica e decenza, a tutela dei partecipanti e dei visitatori. Non saranno perci\u00f2 ammesse immagini ritenute offensive, improprie o lesive dei diritti umani e sociali.<\/p>\n\n\n\n<p><strong>DIRITTI D\u2019AUTORE E UTILIZZO DEL MATERIALE IN CONCORSO<\/strong><\/p>\n\n\n\n<p>La partecipazione al concorso comporta l\u2019espressa accettazione del presente regolamento in ogni sua parte. I diritti sulle fotografie rimangono di propriet\u00e0 esclusiva dell\u2019autore che le ha prodotte, il quale ne autorizza l\u2019utilizzo per eventi o pubblicazioni connesse al concorso stesso e per attivit\u00e0 relative alle finalit\u00e0<br>istituzionali o promozionali dell\u2019ACAO, comunque senza la finalit\u00e0 di lucro. Gli autori delle opere presentate autorizzano l\u2019organizzazione alla riproduzione su calendario, catalogo, pubblicazioni, internet senza finalit\u00e0 di lucro e con citazione del nome dell\u2019autore.<br>Ad ogni eventuale utilizzo, le foto saranno accompagnate dal nome dell\u2019autore e, ove possibile, da eventuali note esplicative indicate dallo stesso.<br>Si informa che i dati personali forniti dai concorrenti all\u2019ACAO saranno utilizzati da quest\u2019ultimo per le finalit\u00e0 operative connesse al concorso e saranno trattati nel rispetto della legge sulla privacy.<br>Il materiale inviato non sar\u00e0 restituito.<\/p>\n\n\n\n<p>Aero Club Adele Orsi<\/p>\n","protected":false},"excerpt":{"rendered":"<p>Per ricordare Umberto Bertoli, fantastico trainatore e appassionato fotografo, l\u2019Aero Club Adele Orsi ha istituito dal 2019 un concorso fotografico dedicato alla sua memoria. REGOLAMENTO Il concorso fotografico, oggi alla sua Seconda Edizione, \u00e8 organizzato e promosso dall\u2019Aeroclub Adele Orsi. SCOPO E CATEGORIE L\u2019iniziativa ha lo scopo di valorizzare il volo a vela e il [&hellip;]<\/p>\n","protected":false},"author":659,"featured_media":27062,"comment_status":"closed","ping_status":"closed","sticky":false,"template":"","format":"standard","meta":{"_acf_changed":false,"_seopress_robots_primary_cat":"none","_seopress_titles_title":"","_seopress_titles_desc":"","_seopress_robots_index":"","footnotes":""},"categories":[1,72,57],"tags":[182,183],"class_list":["post-49539","post","type-post","status-publish","format-standard","has-post-thumbnail","hentry","category-blog","category-eventi","category-notizie","tag-bertoli","tag-concorso-fotografico"],"acf":[],"_links":{"self":[{"href":"https:\/\/acao.it\/en\/wp-json\/wp\/v2\/posts\/49539","targetHints":{"allow":["GET"]}}],"collection":[{"href":"https:\/\/acao.it\/en\/wp-json\/wp\/v2\/posts"}],"about":[{"href":"https:\/\/acao.it\/en\/wp-json\/wp\/v2\/types\/post"}],"author":[{"embeddable":true,"href":"https:\/\/acao.it\/en\/wp-json\/wp\/v2\/users\/659"}],"replies":[{"embeddable":true,"href":"https:\/\/acao.it\/en\/wp-json\/wp\/v2\/comments?post=49539"}],"version-history":[{"count":5,"href":"https:\/\/acao.it\/en\/wp-json\/wp\/v2\/posts\/49539\/revisions"}],"predecessor-version":[{"id":60657,"href":"https:\/\/acao.it\/en\/wp-json\/wp\/v2\/posts\/49539\/revisions\/60657"}],"wp:featuredmedia":[{"embeddable":true,"href":"https:\/\/acao.it\/en\/wp-json\/wp\/v2\/media\/27062"}],"wp:attachment":[{"href":"https:\/\/acao.it\/en\/wp-json\/wp\/v2\/media?parent=49539"}],"wp:term":[{"taxonomy":"category","embeddable":true,"href":"https:\/\/acao.it\/en\/wp-json\/wp\/v2\/categories?post=49539"},{"taxonomy":"post_tag","embeddable":true,"href":"https:\/\/acao.it\/en\/wp-json\/wp\/v2\/tags?post=49539"}],"curies":[{"name":"wp","href":"https:\/\/api.w.org\/{rel}","templated":true}]}}